{"id":14667,"date":"2022-05-25T11:56:16","date_gmt":"2022-05-25T10:56:16","guid":{"rendered":"https:\/\/javierbarriocouture.com\/?p=14667"},"modified":"2022-10-25T00:55:08","modified_gmt":"2022-10-24T22:55:08","slug":"vestidos-linea-a","status":"publish","type":"post","link":"https:\/\/javierbarriocouture.com\/en\/vestidos-linea-a\/","title":{"rendered":"Vestidos de l\u00ednea A"},"content":{"rendered":"<p>Hoy hablaremos sobre los vestidos de l\u00ednea A. Quiz\u00e1s en alg\u00fan momento al comprarte un vestido te has fijado que en su descripci\u00f3n pone que es de l\u00ednea A, pero <strong>\u00bfqu\u00e9 significa que un vestido sea de l\u00ednea A?<\/strong><\/p><blockquote class=\"wp-block-quote is-layout-flow wp-block-quote-is-layout-flow\"><p>La creaci\u00f3n del primer vestido l\u00ednea A, se atribuye al dise\u00f1ador franc\u00e9s de alta costura Christian Dior en la d\u00e9cada de los 50<\/p><\/blockquote><p>Antes de contestar a esta pregunta, hablemos un poco de historia de la moda. <strong>La creaci\u00f3n del primer vestido l\u00ednea A, se atribuye al dise\u00f1ador franc\u00e9s de alta costura<a href=\"https:\/\/www.dior.com\/es_es\" target=\"_blank\" rel=\"noreferrer noopener\"> <\/a>Christian Dior<\/strong>. Esta l\u00ednea de vestido triunf\u00f3 en las pasarelas de 1950 y a partir de ah\u00ed se convirti\u00f3 en la forma mas buscada en Par\u00eds.<\/p><h2 class=\"wp-block-heading\" id=\"1-%C2%BFc%C3%B3mo-es-un-vestido-de-l%C3%ADnea-a\">\u00bfC\u00f3mo es un vestido de l\u00ednea A?<\/h2><p>El dise\u00f1o de un vestido de l\u00ednea A &#8211; tambi\u00e9n conocida como evas\u00e9 &#8211; es aquella silueta que&nbsp;<strong>se ajusta en el pecho y va cogiendo volumen de cintura para abajo<\/strong>. Es decir, si te imaginas el vestido en conjunto tiene forma de A may\u00fascula. <\/p><p>Este dise\u00f1o de vestido se puede elaborar en distintos estilos y combinando diferentes tejidos, crepes, sedas, encajes&#8230; Pueden ser de manga larga o corta, con distintos tipos de escotes e incluso con distintos tipos de largo de falda.<\/p><h2 class=\"wp-block-heading\" id=\"2-%C2%BFcu%C3%A1l-es-el-secreto-de-los-vestidos-de-l%C3%ADnea-a\">\u00bfCu\u00e1l es el secreto de los vestidos de l\u00ednea A?<\/h2><p>La respuesta es muy sencilla, <strong>sienta bien a todo tipo de cuerpos<\/strong>. Lo que marcar\u00e1 la diferencia de lo favorecedor que sea dependiendo del tipo de cuerpo que tengas ser\u00e1 el estilo del vestido: tipo de escote, si los tirantes son anchos o estrechos, etc&#8230; Al contar con l\u00edneas sencillas, permite todo tipo de adaptaciones, de modo que siempre se pueden a\u00f1adir o restar detalles para potenciar los puntos fuertes de cada cuerpo.&nbsp;<\/p><blockquote class=\"wp-block-quote is-layout-flow wp-block-quote-is-layout-flow\"><p>Un vestido de l\u00ednea A siempre es una buena elecci\u00f3n para cualquier evento ya que sienta bien a todos los tipos de cuerpo.<\/p><\/blockquote><p>As\u00ed que si tienes pr\u00f3ximo alg\u00fan evento y no sabes muy bien que vestido elegir, no dudes que un vestido de l\u00ednea A te sentar\u00e1 perfecto tengas el tipo de cuerpo que tengas. Por supuesto tambi\u00e9n encontrar\u00e1s vestidos de l\u00ednea A, entre las creaciones de Javier Barrio.<\/p><p>Os dejamos a continuaci\u00f3n algunos ejemplos de vestidos de l\u00ednea A que pod\u00e9is encontrar en nuestra tienda online.<\/p><p>Nos vemos por las pasarelas<\/p><figure class=\"wp-block-image size-large is-resized\"><img loading=\"lazy\" decoding=\"async\" src=\"https:\/\/javierbarriocouture.com\/wp-content\/uploads\/2020\/11\/logo-dorado-jb-png-1024x235.png\" alt=\"logo-dorado-jb-png\" class=\"wp-image-11088\" width=\"153\" height=\"35\" srcset=\"https:\/\/javierbarriocouture.com\/wp-content\/uploads\/2020\/11\/logo-dorado-jb-png-1024x235.png 1024w, https:\/\/javierbarriocouture.com\/wp-content\/uploads\/2020\/11\/logo-dorado-jb-png-300x69.png 300w, https:\/\/javierbarriocouture.com\/wp-content\/uploads\/2020\/11\/logo-dorado-jb-png-764x175.png 764w, https:\/\/javierbarriocouture.com\/wp-content\/uploads\/2020\/11\/logo-dorado-jb-png-1536x352.png 1536w, https:\/\/javierbarriocouture.com\/wp-content\/uploads\/2020\/11\/logo-dorado-jb-png-2048x469.png 2048w, https:\/\/javierbarriocouture.com\/wp-content\/uploads\/2020\/11\/logo-dorado-jb-png-655x150.png 655w, https:\/\/javierbarriocouture.com\/wp-content\/uploads\/2020\/11\/logo-dorado-jb-png-100x23.png 100w, https:\/\/javierbarriocouture.com\/wp-content\/uploads\/2020\/11\/logo-dorado-jb-png-1528x350.png 1528w, https:\/\/javierbarriocouture.com\/wp-content\/uploads\/2020\/11\/logo-dorado-jb-png-788x180.png 788w, https:\/\/javierbarriocouture.com\/wp-content\/uploads\/2020\/11\/logo-dorado-jb-png-498x114.png 498w, https:\/\/javierbarriocouture.com\/wp-content\/uploads\/2020\/11\/logo-dorado-jb-png.png 275w\" sizes=\"auto, (max-width: 153px) 100vw, 153px\" \/><\/figure><div style=\"height:36px\" aria-hidden=\"true\" class=\"wp-block-spacer\"><\/div><div class=\"wp-block-columns is-layout-flex wp-container-core-columns-is-layout-9d6595d7 wp-block-columns-is-layout-flex\"><div class=\"wp-block-column is-layout-flow wp-block-column-is-layout-flow\" style=\"flex-basis:100%\"><div class=\"wp-block-columns is-layout-flex wp-container-core-columns-is-layout-9d6595d7 wp-block-columns-is-layout-flex\"><div class=\"wp-block-column is-layout-flow wp-block-column-is-layout-flow\" style=\"flex-basis:25%\"><div class=\"wp-block-group is-layout-flow wp-block-group-is-layout-flow\"><div class=\"wp-block-columns is-layout-flex wp-container-core-columns-is-layout-9d6595d7 wp-block-columns-is-layout-flex\"><div class=\"wp-block-column is-layout-flow wp-block-column-is-layout-flow\" style=\"flex-basis:100%\"><div class=\"wp-block-group is-layout-flow wp-block-group-is-layout-flow\"><figure class=\"wp-block-image size-large\"><a href=\"https:\/\/javierbarriocouture.com\/producto\/vestido-largo-rojo-javier-barrio-rafflesia\/\" target=\"_blank\" rel=\"noreferrer noopener\"><img loading=\"lazy\" decoding=\"async\" width=\"683\" height=\"1024\" src=\"https:\/\/javierbarriocouture.com\/wp-content\/uploads\/2022\/05\/vestido-raflessia-linea-a-javier-barrio-683x1024.png\" alt=\"vestido raflessia linea a javier barrio\" class=\"wp-image-14709\" srcset=\"https:\/\/javierbarriocouture.com\/wp-content\/uploads\/2022\/05\/vestido-raflessia-linea-a-javier-barrio-683x1024.png 683w, https:\/\/javierbarriocouture.com\/wp-content\/uploads\/2022\/05\/vestido-raflessia-linea-a-javier-barrio-200x300.png 200w, https:\/\/javierbarriocouture.com\/wp-content\/uploads\/2022\/05\/vestido-raflessia-linea-a-javier-barrio-768x1152.png 768w, https:\/\/javierbarriocouture.com\/wp-content\/uploads\/2022\/05\/vestido-raflessia-linea-a-javier-barrio-1024x1536.png 1024w, https:\/\/javierbarriocouture.com\/wp-content\/uploads\/2022\/05\/vestido-raflessia-linea-a-javier-barrio-1365x2048.png 1365w, https:\/\/javierbarriocouture.com\/wp-content\/uploads\/2022\/05\/vestido-raflessia-linea-a-javier-barrio-100x150.png 100w, https:\/\/javierbarriocouture.com\/wp-content\/uploads\/2022\/05\/vestido-raflessia-linea-a-javier-barrio-233x350.png 233w, https:\/\/javierbarriocouture.com\/wp-content\/uploads\/2022\/05\/vestido-raflessia-linea-a-javier-barrio-788x1182.png 788w, https:\/\/javierbarriocouture.com\/wp-content\/uploads\/2022\/05\/vestido-raflessia-linea-a-javier-barrio-500x750.png 500w, https:\/\/javierbarriocouture.com\/wp-content\/uploads\/2022\/05\/vestido-raflessia-linea-a-javier-barrio.png 800w\" sizes=\"auto, (max-width: 683px) 100vw, 683px\" \/><\/a><figcaption><a href=\"https:\/\/javierbarriocouture.com\/producto\/vestido-largo-rojo-javier-barrio-rafflesia\/\" target=\"_blank\" rel=\"noreferrer noopener\">Vestido largo Raflessia<\/a><\/figcaption><\/figure><\/div><\/div><\/div><\/div><\/div>\n\n<div class=\"wp-block-column is-layout-flow wp-block-column-is-layout-flow\" style=\"flex-basis:25%\"><figure class=\"wp-block-image size-large\"><img loading=\"lazy\" decoding=\"async\" width=\"658\" height=\"1024\" src=\"https:\/\/javierbarriocouture.com\/wp-content\/uploads\/2018\/12\/1.-Vestido-largo-Dalia-658x1024.jpg\" alt=\"Vestido largo Dalia\" class=\"wp-image-13753\" srcset=\"https:\/\/javierbarriocouture.com\/wp-content\/uploads\/2018\/12\/1.-Vestido-largo-Dalia-658x1024.jpg 658w, https:\/\/javierbarriocouture.com\/wp-content\/uploads\/2018\/12\/1.-Vestido-largo-Dalia-193x300.jpg 193w, https:\/\/javierbarriocouture.com\/wp-content\/uploads\/2018\/12\/1.-Vestido-largo-Dalia-767x1194.jpg 767w, https:\/\/javierbarriocouture.com\/wp-content\/uploads\/2018\/12\/1.-Vestido-largo-Dalia-987x1536.jpg 987w, https:\/\/javierbarriocouture.com\/wp-content\/uploads\/2018\/12\/1.-Vestido-largo-Dalia-1316x2048.jpg 1316w, https:\/\/javierbarriocouture.com\/wp-content\/uploads\/2018\/12\/1.-Vestido-largo-Dalia-96x150.jpg 96w, https:\/\/javierbarriocouture.com\/wp-content\/uploads\/2018\/12\/1.-Vestido-largo-Dalia-100x156.jpg 100w, https:\/\/javierbarriocouture.com\/wp-content\/uploads\/2018\/12\/1.-Vestido-largo-Dalia-225x350.jpg 225w, https:\/\/javierbarriocouture.com\/wp-content\/uploads\/2018\/12\/1.-Vestido-largo-Dalia-788x1226.jpg 788w, https:\/\/javierbarriocouture.com\/wp-content\/uploads\/2018\/12\/1.-Vestido-largo-Dalia-499x777.jpg 499w, https:\/\/javierbarriocouture.com\/wp-content\/uploads\/2018\/12\/1.-Vestido-largo-Dalia.jpg 707w\" sizes=\"auto, (max-width: 658px) 100vw, 658px\" \/><figcaption><a href=\"https:\/\/javierbarriocouture.com\/en\/product-category\/long-dresses\/\" target=\"_blank\" rel=\"noreferrer noopener\">Vestido largo Dalia<\/a><\/figcaption><\/figure><\/div>\n\n<div class=\"wp-block-column is-layout-flow wp-block-column-is-layout-flow\" style=\"flex-basis:25%\"><figure class=\"wp-block-image size-large is-style-default\"><a href=\"https:\/\/javierbarriocouture.com\/producto\/vestido-largo-arena-javier-barrio\/\"><img loading=\"lazy\" decoding=\"async\" width=\"658\" height=\"1024\" src=\"https:\/\/javierbarriocouture.com\/wp-content\/uploads\/2018\/12\/vestido-largo-Arena-1_Javier-Barrio-couture-658x1024.jpg\" alt=\"Vestido largo de fiesta Arena con tejido bordado de lentejuelas multicolor - Javier Barrio Couture\" class=\"wp-image-16229\" srcset=\"https:\/\/javierbarriocouture.com\/wp-content\/uploads\/2018\/12\/vestido-largo-Arena-1_Javier-Barrio-couture-658x1024.jpg 658w, https:\/\/javierbarriocouture.com\/wp-content\/uploads\/2018\/12\/vestido-largo-Arena-1_Javier-Barrio-couture-193x300.jpg 193w, https:\/\/javierbarriocouture.com\/wp-content\/uploads\/2018\/12\/vestido-largo-Arena-1_Javier-Barrio-couture-767x1194.jpg 767w, https:\/\/javierbarriocouture.com\/wp-content\/uploads\/2018\/12\/vestido-largo-Arena-1_Javier-Barrio-couture-987x1536.jpg 987w, https:\/\/javierbarriocouture.com\/wp-content\/uploads\/2018\/12\/vestido-largo-Arena-1_Javier-Barrio-couture-1316x2048.jpg 1316w, https:\/\/javierbarriocouture.com\/wp-content\/uploads\/2018\/12\/vestido-largo-Arena-1_Javier-Barrio-couture-96x150.jpg 96w, https:\/\/javierbarriocouture.com\/wp-content\/uploads\/2018\/12\/vestido-largo-Arena-1_Javier-Barrio-couture-100x156.jpg 100w, https:\/\/javierbarriocouture.com\/wp-content\/uploads\/2018\/12\/vestido-largo-Arena-1_Javier-Barrio-couture-225x350.jpg 225w, https:\/\/javierbarriocouture.com\/wp-content\/uploads\/2018\/12\/vestido-largo-Arena-1_Javier-Barrio-couture-788x1226.jpg 788w, https:\/\/javierbarriocouture.com\/wp-content\/uploads\/2018\/12\/vestido-largo-Arena-1_Javier-Barrio-couture-499x777.jpg 499w, https:\/\/javierbarriocouture.com\/wp-content\/uploads\/2018\/12\/vestido-largo-Arena-1_Javier-Barrio-couture.jpg 707w\" sizes=\"auto, (max-width: 658px) 100vw, 658px\" \/><\/a><figcaption><a href=\"https:\/\/javierbarriocouture.com\/producto\/vestido-largo-arena-javier-barrio\/\" target=\"_blank\" rel=\"noreferrer noopener\">Vestido largo Arena<\/a><\/figcaption><\/figure><\/div>\n\n<div class=\"wp-block-column is-layout-flow wp-block-column-is-layout-flow\" style=\"flex-basis:25%\"><figure class=\"wp-block-image size-full\"><a href=\"https:\/\/javierbarriocouture.com\/producto\/vestido-largo-hada\/\"><img loading=\"lazy\" decoding=\"async\" width=\"582\" height=\"900\" src=\"https:\/\/javierbarriocouture.com\/wp-content\/uploads\/2018\/12\/c-18-0345-001488-jb-lb-18-2026.jpg\" alt=\"Vestido largo en tejido de p\u00e9talos bordados\" class=\"wp-image-2501\" srcset=\"https:\/\/javierbarriocouture.com\/wp-content\/uploads\/2018\/12\/c-18-0345-001488-jb-lb-18-2026.jpg 582w, https:\/\/javierbarriocouture.com\/wp-content\/uploads\/2018\/12\/c-18-0345-001488-jb-lb-18-2026-194x300.jpg 194w, https:\/\/javierbarriocouture.com\/wp-content\/uploads\/2018\/12\/c-18-0345-001488-jb-lb-18-2026-200x309.jpg 200w, https:\/\/javierbarriocouture.com\/wp-content\/uploads\/2018\/12\/c-18-0345-001488-jb-lb-18-2026-400x619.jpg 400w, https:\/\/javierbarriocouture.com\/wp-content\/uploads\/2018\/12\/c-18-0345-001488-jb-lb-18-2026-500x773.jpg 500w\" sizes=\"auto, (max-width: 582px) 100vw, 582px\" \/><\/a><figcaption><a href=\"https:\/\/javierbarriocouture.com\/producto\/vestido-largo-hada\/\">Vestido largo Hada<\/a><\/figcaption><\/figure><\/div><\/div><\/div><\/div>","protected":false},"excerpt":{"rendered":"<p>Hoy hablaremos sobre los vestidos de l\u00ednea A. Quiz\u00e1s en alg\u00fan momento al comprarte un vestido te has fijado que en su descripci\u00f3n pone que es de l\u00ednea A, pero \u00bfqu\u00e9 significa que un vestido sea de l\u00ednea A? La creaci\u00f3n del primer vestido l\u00ednea A, se atribuye al dise\u00f1ador franc\u00e9s de alta costura Christian [&hellip;]<\/p>\n","protected":false},"author":4,"featured_media":14679,"comment_status":"open","ping_status":"open","sticky":true,"template":"","format":"standard","meta":{"_acf_changed":false,"footnotes":""},"categories":[102],"tags":[],"offerexpiration":[],"class_list":["post-14667","post","type-post","status-publish","format-standard","has-post-thumbnail","hentry","category-vestidos"],"acf":[],"yoast_head":"<!-- This site is optimized with the Yoast SEO Premium plugin v25.1 (Yoast SEO v27.4) - https:\/\/yoast.com\/product\/yoast-seo-premium-wordpress\/ -->\n<title>Vestidos de l\u00ednea A - Javier Barrio \u2713<\/title>\n<meta name=\"description\" content=\"Los vestidos de l\u00ednea A son estrechos en la parte de arriba y se ensanchan en la parte de abajo. Perfectos para ser la invitada perfecta.\" \/>\n<meta name=\"robots\" content=\"index, follow, max-snippet:-1, max-image-preview:large, max-video-preview:-1\" \/>\n<link rel=\"canonical\" href=\"https:\/\/javierbarriocouture.com\/vestidos-linea-a\/\" \/>\n<meta property=\"og:locale\" content=\"en_US\" \/>\n<meta property=\"og:type\" content=\"article\" \/>\n<meta property=\"og:title\" content=\"Vestido l\u00ednea A\" \/>\n<meta property=\"og:description\" content=\"Los vestidos de l\u00ednea A son estrechos en la parte de arriba y se ensanchan en la parte de abajo. Perfectos para ser la invitada perfecta.\" \/>\n<meta property=\"og:url\" content=\"https:\/\/javierbarriocouture.com\/vestidos-linea-a\/\" \/>\n<meta property=\"og:site_name\" content=\"Javier Barrio Couture\" \/>\n<meta property=\"article:publisher\" content=\"https:\/\/www.facebook.com\/JavierBarrioCouture\" \/>\n<meta property=\"article:published_time\" content=\"2022-05-25T10:56:16+00:00\" \/>\n<meta property=\"article:modified_time\" content=\"2022-10-24T22:55:08+00:00\" \/>\n<meta property=\"og:image\" content=\"https:\/\/javierbarriocouture.com\/wp-content\/uploads\/2022\/05\/vestido-linea-a-javier-barrio.jpg\" \/>\n\t<meta property=\"og:image:width\" content=\"787\" \/>\n\t<meta property=\"og:image:height\" content=\"787\" \/>\n\t<meta property=\"og:image:type\" content=\"image\/jpeg\" \/>\n<meta name=\"author\" content=\"JBshop\" \/>\n<meta name=\"twitter:card\" content=\"summary_large_image\" \/>\n<meta name=\"twitter:title\" content=\"Vestidos de l\u00ednea A\" \/>\n<meta name=\"twitter:creator\" content=\"@javierbarrioC\" \/>\n<meta name=\"twitter:site\" content=\"@javierbarrioC\" \/>\n<meta name=\"twitter:label1\" content=\"Written by\" \/>\n\t<meta name=\"twitter:data1\" content=\"JBshop\" \/>\n\t<meta name=\"twitter:label2\" content=\"Est. reading time\" \/>\n\t<meta name=\"twitter:data2\" content=\"3 minutes\" \/>\n<script type=\"application\/ld+json\" class=\"yoast-schema-graph\">{\"@context\":\"https:\\\/\\\/schema.org\",\"@graph\":[{\"@type\":\"Article\",\"@id\":\"https:\\\/\\\/javierbarriocouture.com\\\/vestidos-linea-a\\\/#article\",\"isPartOf\":{\"@id\":\"https:\\\/\\\/javierbarriocouture.com\\\/vestidos-linea-a\\\/\"},\"author\":{\"name\":\"JBshop\",\"@id\":\"https:\\\/\\\/javierbarriocouture.com\\\/#\\\/schema\\\/person\\\/cdce8143ca533d7422e251644c871598\"},\"headline\":\"Vestidos de l\u00ednea A\",\"datePublished\":\"2022-05-25T10:56:16+00:00\",\"dateModified\":\"2022-10-24T22:55:08+00:00\",\"mainEntityOfPage\":{\"@id\":\"https:\\\/\\\/javierbarriocouture.com\\\/vestidos-linea-a\\\/\"},\"wordCount\":439,\"commentCount\":0,\"publisher\":{\"@id\":\"https:\\\/\\\/javierbarriocouture.com\\\/#organization\"},\"image\":{\"@id\":\"https:\\\/\\\/javierbarriocouture.com\\\/vestidos-linea-a\\\/#primaryimage\"},\"thumbnailUrl\":\"https:\\\/\\\/javierbarriocouture.com\\\/wp-content\\\/uploads\\\/2022\\\/05\\\/vestido-linea-a-javier-barrio.jpg\",\"articleSection\":[\"Vestidos\"],\"inLanguage\":\"en-US\",\"potentialAction\":[{\"@type\":\"CommentAction\",\"name\":\"Comment\",\"target\":[\"https:\\\/\\\/javierbarriocouture.com\\\/vestidos-linea-a\\\/#respond\"]}]},{\"@type\":\"WebPage\",\"@id\":\"https:\\\/\\\/javierbarriocouture.com\\\/vestidos-linea-a\\\/\",\"url\":\"https:\\\/\\\/javierbarriocouture.com\\\/vestidos-linea-a\\\/\",\"name\":\"Vestidos de l\u00ednea A - Javier Barrio \u2713\",\"isPartOf\":{\"@id\":\"https:\\\/\\\/javierbarriocouture.com\\\/#website\"},\"primaryImageOfPage\":{\"@id\":\"https:\\\/\\\/javierbarriocouture.com\\\/vestidos-linea-a\\\/#primaryimage\"},\"image\":{\"@id\":\"https:\\\/\\\/javierbarriocouture.com\\\/vestidos-linea-a\\\/#primaryimage\"},\"thumbnailUrl\":\"https:\\\/\\\/javierbarriocouture.com\\\/wp-content\\\/uploads\\\/2022\\\/05\\\/vestido-linea-a-javier-barrio.jpg\",\"datePublished\":\"2022-05-25T10:56:16+00:00\",\"dateModified\":\"2022-10-24T22:55:08+00:00\",\"description\":\"Los vestidos de l\u00ednea A son estrechos en la parte de arriba y se ensanchan en la parte de abajo. Perfectos para ser la invitada perfecta.\",\"breadcrumb\":{\"@id\":\"https:\\\/\\\/javierbarriocouture.com\\\/vestidos-linea-a\\\/#breadcrumb\"},\"inLanguage\":\"en-US\",\"potentialAction\":[{\"@type\":\"ReadAction\",\"target\":[\"https:\\\/\\\/javierbarriocouture.com\\\/vestidos-linea-a\\\/\"]}]},{\"@type\":\"ImageObject\",\"inLanguage\":\"en-US\",\"@id\":\"https:\\\/\\\/javierbarriocouture.com\\\/vestidos-linea-a\\\/#primaryimage\",\"url\":\"https:\\\/\\\/javierbarriocouture.com\\\/wp-content\\\/uploads\\\/2022\\\/05\\\/vestido-linea-a-javier-barrio.jpg\",\"contentUrl\":\"https:\\\/\\\/javierbarriocouture.com\\\/wp-content\\\/uploads\\\/2022\\\/05\\\/vestido-linea-a-javier-barrio.jpg\",\"width\":787,\"height\":787,\"caption\":\"vestido linea A color rojo escote en pico javier barrio\"},{\"@type\":\"BreadcrumbList\",\"@id\":\"https:\\\/\\\/javierbarriocouture.com\\\/vestidos-linea-a\\\/#breadcrumb\",\"itemListElement\":[{\"@type\":\"ListItem\",\"position\":1,\"name\":\"Portada\",\"item\":\"https:\\\/\\\/javierbarriocouture.com\\\/en\\\/\"},{\"@type\":\"ListItem\",\"position\":2,\"name\":\"Vestidos de l\u00ednea A\"}]},{\"@type\":\"WebSite\",\"@id\":\"https:\\\/\\\/javierbarriocouture.com\\\/#website\",\"url\":\"https:\\\/\\\/javierbarriocouture.com\\\/\",\"name\":\"Javier Barrio Couture\",\"description\":\"Javier Barrio Couture\",\"publisher\":{\"@id\":\"https:\\\/\\\/javierbarriocouture.com\\\/#organization\"},\"potentialAction\":[{\"@type\":\"SearchAction\",\"target\":{\"@type\":\"EntryPoint\",\"urlTemplate\":\"https:\\\/\\\/javierbarriocouture.com\\\/?s={search_term_string}\"},\"query-input\":{\"@type\":\"PropertyValueSpecification\",\"valueRequired\":true,\"valueName\":\"search_term_string\"}}],\"inLanguage\":\"en-US\"},{\"@type\":\"Organization\",\"@id\":\"https:\\\/\\\/javierbarriocouture.com\\\/#organization\",\"name\":\"Javier Barrio Couture\",\"url\":\"https:\\\/\\\/javierbarriocouture.com\\\/\",\"logo\":{\"@type\":\"ImageObject\",\"inLanguage\":\"en-US\",\"@id\":\"https:\\\/\\\/javierbarriocouture.com\\\/#\\\/schema\\\/logo\\\/image\\\/\",\"url\":\"https:\\\/\\\/javierbarriocouture.com\\\/wp-content\\\/uploads\\\/2018\\\/12\\\/logo3.png\",\"contentUrl\":\"https:\\\/\\\/javierbarriocouture.com\\\/wp-content\\\/uploads\\\/2018\\\/12\\\/logo3.png\",\"width\":268,\"height\":68,\"caption\":\"Javier Barrio Couture\"},\"image\":{\"@id\":\"https:\\\/\\\/javierbarriocouture.com\\\/#\\\/schema\\\/logo\\\/image\\\/\"},\"sameAs\":[\"https:\\\/\\\/www.facebook.com\\\/JavierBarrioCouture\",\"https:\\\/\\\/x.com\\\/javierbarrioC\",\"https:\\\/\\\/www.instagram.com\\\/javierbarrio_couture\\\/\",\"https:\\\/\\\/es.linkedin.com\\\/in\\\/javier-barrio-rey-1b929443\",\"https:\\\/\\\/www.pinterest.es\\\/javierbarriojb\\\/\",\"https:\\\/\\\/www.youtube.com\\\/channel\\\/UCjMiv0bKvLHADQ5RM5cDGsQ\\\/\"]},{\"@type\":\"Person\",\"@id\":\"https:\\\/\\\/javierbarriocouture.com\\\/#\\\/schema\\\/person\\\/cdce8143ca533d7422e251644c871598\",\"name\":\"JBshop\",\"image\":{\"@type\":\"ImageObject\",\"inLanguage\":\"en-US\",\"@id\":\"https:\\\/\\\/secure.gravatar.com\\\/avatar\\\/9ec119498ace6be8b3178fe2e725fa1b4934038f4d7bfc43d9b182475f63fdd7?s=96&d=mm&r=g\",\"url\":\"https:\\\/\\\/secure.gravatar.com\\\/avatar\\\/9ec119498ace6be8b3178fe2e725fa1b4934038f4d7bfc43d9b182475f63fdd7?s=96&d=mm&r=g\",\"contentUrl\":\"https:\\\/\\\/secure.gravatar.com\\\/avatar\\\/9ec119498ace6be8b3178fe2e725fa1b4934038f4d7bfc43d9b182475f63fdd7?s=96&d=mm&r=g\",\"caption\":\"JBshop\"}}]}<\/script>\n<!-- \/ Yoast SEO Premium plugin. -->","yoast_head_json":{"title":"Vestidos de l\u00ednea A - Javier Barrio \u2713","description":"Los vestidos de l\u00ednea A son estrechos en la parte de arriba y se ensanchan en la parte de abajo. Perfectos para ser la invitada perfecta.","robots":{"index":"index","follow":"follow","max-snippet":"max-snippet:-1","max-image-preview":"max-image-preview:large","max-video-preview":"max-video-preview:-1"},"canonical":"https:\/\/javierbarriocouture.com\/vestidos-linea-a\/","og_locale":"en_US","og_type":"article","og_title":"Vestido l\u00ednea A","og_description":"Los vestidos de l\u00ednea A son estrechos en la parte de arriba y se ensanchan en la parte de abajo. Perfectos para ser la invitada perfecta.","og_url":"https:\/\/javierbarriocouture.com\/vestidos-linea-a\/","og_site_name":"Javier Barrio Couture","article_publisher":"https:\/\/www.facebook.com\/JavierBarrioCouture","article_published_time":"2022-05-25T10:56:16+00:00","article_modified_time":"2022-10-24T22:55:08+00:00","og_image":[{"width":787,"height":787,"url":"https:\/\/javierbarriocouture.com\/wp-content\/uploads\/2022\/05\/vestido-linea-a-javier-barrio.jpg","type":"image\/jpeg"}],"author":"JBshop","twitter_card":"summary_large_image","twitter_title":"Vestidos de l\u00ednea A","twitter_creator":"@javierbarrioC","twitter_site":"@javierbarrioC","twitter_misc":{"Written by":"JBshop","Est. reading time":"3 minutes"},"schema":{"@context":"https:\/\/schema.org","@graph":[{"@type":"Article","@id":"https:\/\/javierbarriocouture.com\/vestidos-linea-a\/#article","isPartOf":{"@id":"https:\/\/javierbarriocouture.com\/vestidos-linea-a\/"},"author":{"name":"JBshop","@id":"https:\/\/javierbarriocouture.com\/#\/schema\/person\/cdce8143ca533d7422e251644c871598"},"headline":"Vestidos de l\u00ednea A","datePublished":"2022-05-25T10:56:16+00:00","dateModified":"2022-10-24T22:55:08+00:00","mainEntityOfPage":{"@id":"https:\/\/javierbarriocouture.com\/vestidos-linea-a\/"},"wordCount":439,"commentCount":0,"publisher":{"@id":"https:\/\/javierbarriocouture.com\/#organization"},"image":{"@id":"https:\/\/javierbarriocouture.com\/vestidos-linea-a\/#primaryimage"},"thumbnailUrl":"https:\/\/javierbarriocouture.com\/wp-content\/uploads\/2022\/05\/vestido-linea-a-javier-barrio.jpg","articleSection":["Vestidos"],"inLanguage":"en-US","potentialAction":[{"@type":"CommentAction","name":"Comment","target":["https:\/\/javierbarriocouture.com\/vestidos-linea-a\/#respond"]}]},{"@type":"WebPage","@id":"https:\/\/javierbarriocouture.com\/vestidos-linea-a\/","url":"https:\/\/javierbarriocouture.com\/vestidos-linea-a\/","name":"Vestidos de l\u00ednea A - Javier Barrio \u2713","isPartOf":{"@id":"https:\/\/javierbarriocouture.com\/#website"},"primaryImageOfPage":{"@id":"https:\/\/javierbarriocouture.com\/vestidos-linea-a\/#primaryimage"},"image":{"@id":"https:\/\/javierbarriocouture.com\/vestidos-linea-a\/#primaryimage"},"thumbnailUrl":"https:\/\/javierbarriocouture.com\/wp-content\/uploads\/2022\/05\/vestido-linea-a-javier-barrio.jpg","datePublished":"2022-05-25T10:56:16+00:00","dateModified":"2022-10-24T22:55:08+00:00","description":"Los vestidos de l\u00ednea A son estrechos en la parte de arriba y se ensanchan en la parte de abajo. Perfectos para ser la invitada perfecta.","breadcrumb":{"@id":"https:\/\/javierbarriocouture.com\/vestidos-linea-a\/#breadcrumb"},"inLanguage":"en-US","potentialAction":[{"@type":"ReadAction","target":["https:\/\/javierbarriocouture.com\/vestidos-linea-a\/"]}]},{"@type":"ImageObject","inLanguage":"en-US","@id":"https:\/\/javierbarriocouture.com\/vestidos-linea-a\/#primaryimage","url":"https:\/\/javierbarriocouture.com\/wp-content\/uploads\/2022\/05\/vestido-linea-a-javier-barrio.jpg","contentUrl":"https:\/\/javierbarriocouture.com\/wp-content\/uploads\/2022\/05\/vestido-linea-a-javier-barrio.jpg","width":787,"height":787,"caption":"vestido linea A color rojo escote en pico javier barrio"},{"@type":"BreadcrumbList","@id":"https:\/\/javierbarriocouture.com\/vestidos-linea-a\/#breadcrumb","itemListElement":[{"@type":"ListItem","position":1,"name":"Portada","item":"https:\/\/javierbarriocouture.com\/en\/"},{"@type":"ListItem","position":2,"name":"Vestidos de l\u00ednea A"}]},{"@type":"WebSite","@id":"https:\/\/javierbarriocouture.com\/#website","url":"https:\/\/javierbarriocouture.com\/","name":"Javier Barrio Couture","description":"Javier Barrio Couture","publisher":{"@id":"https:\/\/javierbarriocouture.com\/#organization"},"potentialAction":[{"@type":"SearchAction","target":{"@type":"EntryPoint","urlTemplate":"https:\/\/javierbarriocouture.com\/?s={search_term_string}"},"query-input":{"@type":"PropertyValueSpecification","valueRequired":true,"valueName":"search_term_string"}}],"inLanguage":"en-US"},{"@type":"Organization","@id":"https:\/\/javierbarriocouture.com\/#organization","name":"Javier Barrio Couture","url":"https:\/\/javierbarriocouture.com\/","logo":{"@type":"ImageObject","inLanguage":"en-US","@id":"https:\/\/javierbarriocouture.com\/#\/schema\/logo\/image\/","url":"https:\/\/javierbarriocouture.com\/wp-content\/uploads\/2018\/12\/logo3.png","contentUrl":"https:\/\/javierbarriocouture.com\/wp-content\/uploads\/2018\/12\/logo3.png","width":268,"height":68,"caption":"Javier Barrio Couture"},"image":{"@id":"https:\/\/javierbarriocouture.com\/#\/schema\/logo\/image\/"},"sameAs":["https:\/\/www.facebook.com\/JavierBarrioCouture","https:\/\/x.com\/javierbarrioC","https:\/\/www.instagram.com\/javierbarrio_couture\/","https:\/\/es.linkedin.com\/in\/javier-barrio-rey-1b929443","https:\/\/www.pinterest.es\/javierbarriojb\/","https:\/\/www.youtube.com\/channel\/UCjMiv0bKvLHADQ5RM5cDGsQ\/"]},{"@type":"Person","@id":"https:\/\/javierbarriocouture.com\/#\/schema\/person\/cdce8143ca533d7422e251644c871598","name":"JBshop","image":{"@type":"ImageObject","inLanguage":"en-US","@id":"https:\/\/secure.gravatar.com\/avatar\/9ec119498ace6be8b3178fe2e725fa1b4934038f4d7bfc43d9b182475f63fdd7?s=96&d=mm&r=g","url":"https:\/\/secure.gravatar.com\/avatar\/9ec119498ace6be8b3178fe2e725fa1b4934038f4d7bfc43d9b182475f63fdd7?s=96&d=mm&r=g","contentUrl":"https:\/\/secure.gravatar.com\/avatar\/9ec119498ace6be8b3178fe2e725fa1b4934038f4d7bfc43d9b182475f63fdd7?s=96&d=mm&r=g","caption":"JBshop"}}]}},"_links":{"self":[{"href":"https:\/\/javierbarriocouture.com\/en\/wp-json\/wp\/v2\/posts\/14667","targetHints":{"allow":["GET"]}}],"collection":[{"href":"https:\/\/javierbarriocouture.com\/en\/wp-json\/wp\/v2\/posts"}],"about":[{"href":"https:\/\/javierbarriocouture.com\/en\/wp-json\/wp\/v2\/types\/post"}],"author":[{"embeddable":true,"href":"https:\/\/javierbarriocouture.com\/en\/wp-json\/wp\/v2\/users\/4"}],"replies":[{"embeddable":true,"href":"https:\/\/javierbarriocouture.com\/en\/wp-json\/wp\/v2\/comments?post=14667"}],"version-history":[{"count":37,"href":"https:\/\/javierbarriocouture.com\/en\/wp-json\/wp\/v2\/posts\/14667\/revisions"}],"predecessor-version":[{"id":16696,"href":"https:\/\/javierbarriocouture.com\/en\/wp-json\/wp\/v2\/posts\/14667\/revisions\/16696"}],"wp:featuredmedia":[{"embeddable":true,"href":"https:\/\/javierbarriocouture.com\/en\/wp-json\/wp\/v2\/media\/14679"}],"wp:attachment":[{"href":"https:\/\/javierbarriocouture.com\/en\/wp-json\/wp\/v2\/media?parent=14667"}],"wp:term":[{"taxonomy":"category","embeddable":true,"href":"https:\/\/javierbarriocouture.com\/en\/wp-json\/wp\/v2\/categories?post=14667"},{"taxonomy":"post_tag","embeddable":true,"href":"https:\/\/javierbarriocouture.com\/en\/wp-json\/wp\/v2\/tags?post=14667"},{"taxonomy":"offerexpiration","embeddable":true,"href":"https:\/\/javierbarriocouture.com\/en\/wp-json\/wp\/v2\/offerexpiration?post=14667"}],"curies":[{"name":"wp","href":"https:\/\/api.w.org\/{rel}","templated":true}]}}